{"id":114,"date":"2012-11-20T12:59:00","date_gmt":"2012-11-20T14:59:00","guid":{"rendered":"https:\/\/blog.wieczorek.com.br\/novo\/?p=114"},"modified":"2022-02-24T13:02:06","modified_gmt":"2022-02-24T16:02:06","slug":"inauguracao-da-arena-do-gremio-eu-vou","status":"publish","type":"post","link":"https:\/\/blog.wieczorek.com.br\/index.php\/2012\/11\/20\/inauguracao-da-arena-do-gremio-eu-vou\/","title":{"rendered":"Inaugura\u00e7\u00e3o da Arena do Gr\u00eamio. Eu vou!"},"content":{"rendered":"\n<p>Hoje peguei meus ingressos para a inaugura\u00e7\u00e3o da Arena do Gr\u00eamio. N\u00e3o perderia isso por nada. Para voc\u00ea, s\u00f3cio ou torcedor, que n\u00e3o poder\u00e1 estar presente neste grande dia, resta assistir a tudo pelo SporTV, que transmitir\u00e1 todo evento, que come\u00e7a dia 08\/12\/2012 \u00e0s 20 horas.<\/p>\n\n\n\n<p>E para aqueles que estar\u00e3o em Porto Alegre em dezembro, existe uma segunda oportunidade para ver a Arena do Gr\u00eamio em grande estilo, assistindo ao Jogo Conta a Pobreza (Ronaldo vs. Zidane). Maiores informa\u00e7\u00f5es em&nbsp;<a href=\"http:\/\/www.livepass.com.br\/jogo-contra-a-pobreza\/\" target=\"_blank\" rel=\"noreferrer noopener\">http:\/\/www.livepass.com.br\/jogo-contra-a-pobreza\/<\/a><\/p>\n\n\n\n<figure class=\"wp-block-image\"><a href=\"https:\/\/blog.wieczorek.com.br\/media\/blogs\/pessoal\/DSC00500.jpg?mtime=1353436973\"><img decoding=\"async\" src=\"https:\/\/blog.wieczorek.com.br\/media\/blogs\/pessoal\/DSC00500.jpg?mtime=1353436973\" alt=\"\"\/><\/a><\/figure>\n\n\n\n<figure class=\"wp-block-image\"><a href=\"https:\/\/blog.wieczorek.com.br\/media\/blogs\/pessoal\/DSC00493.jpg\"><img decoding=\"async\" src=\"https:\/\/blog.wieczorek.com.br\/media\/blogs\/pessoal\/DSC00493.jpg\" alt=\"\"\/><\/a><\/figure>\n\n\n\n<p>&nbsp;E para todos os que n\u00e3o puderem estar presentes em nenhum desdes 2 grandes eventos, n\u00e3o se preocupem, pois temos casa nova por mais 50 anos (pelo menos), e todos ter\u00e3o tempo de sobra para conhecer. J\u00e1 o Ol\u00edmpico, voc\u00eas tem s\u00f3 at\u00e9 o m\u00eas de abril para conhecer e\/ou se despedir, por isso, n\u00e3o percam mais tempo, e deem uma passadinha l\u00e1 pela Azenha, no Largo Patrono Fernando Kroeff n\u00ba 1.<\/p>\n","protected":false},"excerpt":{"rendered":"<p>Hoje peguei meus ingressos para a inaugura\u00e7\u00e3o da Arena do Gr\u00eamio. N\u00e3o perderia isso por nada. Para voc\u00ea, s\u00f3cio ou torcedor, que n\u00e3o poder\u00e1 estar presente neste grande dia, resta assistir a tudo pelo SporTV, que transmitir\u00e1 todo evento, que come\u00e7a dia 08\/12\/2012 \u00e0s 20 horas. E para aqueles que [&hellip;]<\/p>\n","protected":false},"author":1,"featured_media":115,"comment_status":"open","ping_status":"open","sticky":false,"template":"","format":"standard","meta":{"footnotes":""},"categories":[142,141],"tags":[144,143,145],"class_list":["post-114","post","type-post","status-publish","format-standard","has-post-thumbnail","hentry","category-gremio","category-pessoal","tag-arena","tag-gremio","tag-inauguracao"],"_links":{"self":[{"href":"https:\/\/blog.wieczorek.com.br\/index.php\/wp-json\/wp\/v2\/posts\/114","targetHints":{"allow":["GET"]}}],"collection":[{"href":"https:\/\/blog.wieczorek.com.br\/index.php\/wp-json\/wp\/v2\/posts"}],"about":[{"href":"https:\/\/blog.wieczorek.com.br\/index.php\/wp-json\/wp\/v2\/types\/post"}],"author":[{"embeddable":true,"href":"https:\/\/blog.wieczorek.com.br\/index.php\/wp-json\/wp\/v2\/users\/1"}],"replies":[{"embeddable":true,"href":"https:\/\/blog.wieczorek.com.br\/index.php\/wp-json\/wp\/v2\/comments?post=114"}],"version-history":[{"count":1,"href":"https:\/\/blog.wieczorek.com.br\/index.php\/wp-json\/wp\/v2\/posts\/114\/revisions"}],"predecessor-version":[{"id":116,"href":"https:\/\/blog.wieczorek.com.br\/index.php\/wp-json\/wp\/v2\/posts\/114\/revisions\/116"}],"wp:featuredmedia":[{"embeddable":true,"href":"https:\/\/blog.wieczorek.com.br\/index.php\/wp-json\/wp\/v2\/media\/115"}],"wp:attachment":[{"href":"https:\/\/blog.wieczorek.com.br\/index.php\/wp-json\/wp\/v2\/media?parent=114"}],"wp:term":[{"taxonomy":"category","embeddable":true,"href":"https:\/\/blog.wieczorek.com.br\/index.php\/wp-json\/wp\/v2\/categories?post=114"},{"taxonomy":"post_tag","embeddable":true,"href":"https:\/\/blog.wieczorek.com.br\/index.php\/wp-json\/wp\/v2\/tags?post=114"}],"curies":[{"name":"wp","href":"https:\/\/api.w.org\/{rel}","templated":true}]}}