{"id":83,"date":"2015-12-22T11:36:00","date_gmt":"2015-12-22T13:36:00","guid":{"rendered":"https:\/\/blog.wieczorek.com.br\/novo\/?p=83"},"modified":"2022-02-24T11:40:08","modified_gmt":"2022-02-24T14:40:08","slug":"star-wars-o-despertar-da-forca","status":"publish","type":"post","link":"https:\/\/blog.wieczorek.com.br\/index.php\/2015\/12\/22\/star-wars-o-despertar-da-forca\/","title":{"rendered":"Star Wars &#8211; O Despertar da For\u00e7a"},"content":{"rendered":"\n<p>Fui ao cinema no final de semana e assiti ao epi\u00f3dio VII desta franquia maravilhosa. Fiquei muito empolgado com o filme e ancioso para a continua\u00e7\u00e3o da saga (Epis\u00f3dio VII em 2017 e &nbsp;IX em 2019). Alguns&nbsp;podem n\u00e3o ter gostado, outros achado que o filme poderia ter desenvolvido melhor os personagens, mas eu s\u00f3 digo uma coisa:&nbsp;\u00c9&nbsp;um filme&nbsp;<strong>\u00c9PICO<\/strong>, daqueles que marcam e nos fazem querer entrar mais fundo&nbsp;no universo criado por Geroge Lucas.<\/p>\n\n\n\n<figure class=\"wp-block-image\"><img decoding=\"async\" src=\"https:\/\/blog.wieczorek.com.br\/media\/blogs\/pessoal\/star-wars-force-awakens-rey-finn-bb8-running.jpg?mtime=1450810991\" alt=\"\"\/><\/figure>\n\n\n\n<p>N\u00e3o vou contar o filme aqui at\u00e9 porque muitos ainda n\u00e3o o viram&#8230;..<strong>&nbsp;ASSITAM LOGO!!!!<\/strong><\/p>\n\n\n\n<p>Mas vou deixar o trailer, para aqueles que ainda n\u00e3o o viram (ser\u00e1 que existe isso?) sentirem um pequeno gostinho do que \u00e9 o filme e o que est\u00e3o perdendo.<\/p>\n\n\n\n<figure class=\"wp-block-embed is-type-video is-provider-youtube wp-block-embed-youtube wp-embed-aspect-16-9 wp-has-aspect-ratio\"><div class=\"wp-block-embed__wrapper\">\n<iframe loading=\"lazy\" title=\"Star Wars: The Force Awakens Trailer (Official)\" width=\"750\" height=\"422\" src=\"https:\/\/www.youtube.com\/embed\/sGbxmsDFVnE?feature=oembed\" frameborder=\"0\" allow=\"accelerometer; autoplay; clipboard-write; encrypted-media; gyroscope; picture-in-picture\" allowfullscreen><\/iframe>\n<\/div><\/figure>\n","protected":false},"excerpt":{"rendered":"<p>Fui ao cinema no final de semana e assiti ao epi\u00f3dio VII desta franquia maravilhosa. Fiquei muito empolgado com o filme e ancioso para a continua\u00e7\u00e3o da saga (Epis\u00f3dio VII em 2017 e &nbsp;IX em 2019). Alguns&nbsp;podem n\u00e3o ter gostado, outros achado que o filme poderia ter desenvolvido melhor os [&hellip;]<\/p>\n","protected":false},"author":1,"featured_media":84,"comment_status":"open","ping_status":"open","sticky":false,"template":"","format":"standard","meta":{"footnotes":""},"categories":[85,86],"tags":[90,89,87,88],"class_list":["post-83","post","type-post","status-publish","format-standard","has-post-thumbnail","hentry","category-cinema","category-filmes","tag-cinema","tag-despertar-da-forca","tag-star-wars","tag-star-wars-vii"],"_links":{"self":[{"href":"https:\/\/blog.wieczorek.com.br\/index.php\/wp-json\/wp\/v2\/posts\/83","targetHints":{"allow":["GET"]}}],"collection":[{"href":"https:\/\/blog.wieczorek.com.br\/index.php\/wp-json\/wp\/v2\/posts"}],"about":[{"href":"https:\/\/blog.wieczorek.com.br\/index.php\/wp-json\/wp\/v2\/types\/post"}],"author":[{"embeddable":true,"href":"https:\/\/blog.wieczorek.com.br\/index.php\/wp-json\/wp\/v2\/users\/1"}],"replies":[{"embeddable":true,"href":"https:\/\/blog.wieczorek.com.br\/index.php\/wp-json\/wp\/v2\/comments?post=83"}],"version-history":[{"count":1,"href":"https:\/\/blog.wieczorek.com.br\/index.php\/wp-json\/wp\/v2\/posts\/83\/revisions"}],"predecessor-version":[{"id":85,"href":"https:\/\/blog.wieczorek.com.br\/index.php\/wp-json\/wp\/v2\/posts\/83\/revisions\/85"}],"wp:featuredmedia":[{"embeddable":true,"href":"https:\/\/blog.wieczorek.com.br\/index.php\/wp-json\/wp\/v2\/media\/84"}],"wp:attachment":[{"href":"https:\/\/blog.wieczorek.com.br\/index.php\/wp-json\/wp\/v2\/media?parent=83"}],"wp:term":[{"taxonomy":"category","embeddable":true,"href":"https:\/\/blog.wieczorek.com.br\/index.php\/wp-json\/wp\/v2\/categories?post=83"},{"taxonomy":"post_tag","embeddable":true,"href":"https:\/\/blog.wieczorek.com.br\/index.php\/wp-json\/wp\/v2\/tags?post=83"}],"curies":[{"name":"wp","href":"https:\/\/api.w.org\/{rel}","templated":true}]}}